{"id":190,"date":"2017-09-18T14:47:36","date_gmt":"2017-09-18T13:47:36","guid":{"rendered":"https:\/\/pageperso.univ-lr.fr\/vincent.courboulay\/?p=190"},"modified":"2017-09-18T15:49:18","modified_gmt":"2017-09-18T14:49:18","slug":"ouverture-de-la-formation-numerique-responsable","status":"publish","type":"post","link":"https:\/\/pageperso.univ-lr.fr\/vincent.courboulay\/?p=190","title":{"rendered":"Ouverture de la formation \u00ab\u00a0Num\u00e9rique responsable\u00a0\u00bb"},"content":{"rendered":"<p><a href=\"https:\/\/pageperso.univ-lr.fr\/vincent.courboulay\/wp-content\/uploads\/2017\/09\/FC_numerique_responsable.pdf\">FC_numerique_responsable<\/a><\/p>\n<h1>Pr\u00e9sentation<\/h1>\n<p>Le\u00a0 concept\u00a0 de\u00a0 num\u00e9rique\u00a0 responsable\u00a0 vise\u00a0 \u00e0\u00a0 r\u00e9duire\u00a0 l\u2019empreinte<br \/>\n\u00e9cologique\u00a0 et\u00a0 sociale\u00a0 des\u00a0 technologies\u00a0 de\u00a0 l\u2019information\u00a0 et\u00a0 de\u00a0 la<br \/>\ncommunication (TIC).<\/p>\n<h1>oBJeCtiFs<\/h1>\n<p>L\u2019objectif de cette formation est d\u2019initier au concept de num\u00e9rique<br \/>\nresponsable.<br \/>\nIl s\u2019agit de :<br \/>\n\u2022 Pr\u00e9senter de fa\u00e7on globale et coh\u00e9rente les nuisances g\u00e9n\u00e9r\u00e9es<br \/>\npar\u00a0 les\u00a0 \u00e9quipements\u00a0 informatiques\u00a0 et\u00a0 ce,\u00a0 durant\u00a0 l\u2019ensemble\u00a0 de<br \/>\nla dur\u00e9e de vie de chaque \u00e9quipement : aux diff\u00e9rents stades de<br \/>\nfabrication,\u00a0 d\u2019utilisation\u00a0 (consommation\u00a0 d\u2019\u00e9nergie)\u00a0 et\u00a0 de\u00a0 fin\u00a0 de<br \/>\nvie\u00a0 (gestion\/r\u00e9cup\u00e9ration\u00a0 des\u00a0 d\u00e9chets,\u00a0 pollution,\u00a0 \u00e9puisement\u00a0 des<br \/>\nressources non renouvelables).<br \/>\n\u2022\u00a0 Proposer\u00a0 une\u00a0 m\u00e9thodologie\u00a0 et\u00a0 des\u00a0 outils\u00a0 pour\u00a0 une\u00a0 mise\u00a0 en<br \/>\npratique du num\u00e9rique responsable<br \/>\n\u2022 Permettre aux stagiaires de valider la certification \u00ab Num\u00e9rique<br \/>\nresponsable \u00bb cr\u00e9\u00e9e par le formation et le club GreenIT<br \/>\nAu terme de la formation le stagiaire sera en capacit\u00e9 de :<br \/>\n\u2022 Identifier les diff\u00e9rents impacts des services de son entreprise.<br \/>\n\u2022 Mettre en \u0153uvre une m\u00e9thodologie de r\u00e9duction des impacts au<br \/>\nsein de son entreprise.<br \/>\n\u2022 \u00c9tablir et quantifier des indicateurs afin d\u2019orienter les choix des<br \/>\nd\u00e9cideurs vers des solutions \u00ab Num\u00e9riquement responsables \u00bb<\/p>\n","protected":false},"excerpt":{"rendered":"<p>FC_numerique_responsable Pr\u00e9sentation Le\u00a0 concept\u00a0 de\u00a0 num\u00e9rique\u00a0 responsable\u00a0 vise\u00a0 \u00e0\u00a0 r\u00e9duire\u00a0 l\u2019empreinte \u00e9cologique\u00a0 et\u00a0 sociale\u00a0 des\u00a0 technologies\u00a0 de\u00a0 l\u2019information\u00a0 et\u00a0 de\u00a0 la communication (TIC). oBJeCtiFs L\u2019objectif de cette formation est d\u2019initier au concept de num\u00e9rique responsable. Il s\u2019agit de : \u2022 Pr\u00e9senter de fa\u00e7on globale et coh\u00e9rente les nuisances g\u00e9n\u00e9r\u00e9es par\u00a0 les\u00a0 \u00e9quipements\u00a0 informatiques\u00a0 et\u00a0 ce,\u00a0 &hellip; <a href=\"https:\/\/pageperso.univ-lr.fr\/vincent.courboulay\/?p=190\" class=\"more-link\">Continuer la lecture de <span class=\"screen-reader-text\">Ouverture de la formation \u00ab\u00a0Num\u00e9rique responsable\u00a0\u00bb<\/span> <span class=\"meta-nav\">&rarr;<\/span><\/a><\/p>\n","protected":false},"author":2,"featured_media":0,"comment_status":"closed","ping_status":"open","sticky":false,"template":"","format":"standard","meta":{"footnotes":""},"categories":[1],"tags":[],"_links":{"self":[{"href":"https:\/\/pageperso.univ-lr.fr\/vincent.courboulay\/index.php?rest_route=\/wp\/v2\/posts\/190"}],"collection":[{"href":"https:\/\/pageperso.univ-lr.fr\/vincent.courboulay\/index.php?rest_route=\/wp\/v2\/posts"}],"about":[{"href":"https:\/\/pageperso.univ-lr.fr\/vincent.courboulay\/index.php?rest_route=\/wp\/v2\/types\/post"}],"author":[{"embeddable":true,"href":"https:\/\/pageperso.univ-lr.fr\/vincent.courboulay\/index.php?rest_route=\/wp\/v2\/users\/2"}],"replies":[{"embeddable":true,"href":"https:\/\/pageperso.univ-lr.fr\/vincent.courboulay\/index.php?rest_route=%2Fwp%2Fv2%2Fcomments&post=190"}],"version-history":[{"count":2,"href":"https:\/\/pageperso.univ-lr.fr\/vincent.courboulay\/index.php?rest_route=\/wp\/v2\/posts\/190\/revisions"}],"predecessor-version":[{"id":193,"href":"https:\/\/pageperso.univ-lr.fr\/vincent.courboulay\/index.php?rest_route=\/wp\/v2\/posts\/190\/revisions\/193"}],"wp:attachment":[{"href":"https:\/\/pageperso.univ-lr.fr\/vincent.courboulay\/index.php?rest_route=%2Fwp%2Fv2%2Fmedia&parent=190"}],"wp:term":[{"taxonomy":"category","embeddable":true,"href":"https:\/\/pageperso.univ-lr.fr\/vincent.courboulay\/index.php?rest_route=%2Fwp%2Fv2%2Fcategories&post=190"},{"taxonomy":"post_tag","embeddable":true,"href":"https:\/\/pageperso.univ-lr.fr\/vincent.courboulay\/index.php?rest_route=%2Fwp%2Fv2%2Ftags&post=190"}],"curies":[{"name":"wp","href":"https:\/\/api.w.org\/{rel}","templated":true}]}}