{"id":127,"date":"2015-06-17T07:16:17","date_gmt":"2015-06-17T06:16:17","guid":{"rendered":"https:\/\/pageperso.univ-lr.fr\/vincent.courboulay\/?p=127"},"modified":"2015-06-17T07:16:17","modified_gmt":"2015-06-17T06:16:17","slug":"presentation-invitee-au-colloque-emotions-memoire-et-contenus-numeriques-une-approche-interdisciplinaire","status":"publish","type":"post","link":"https:\/\/pageperso.univ-lr.fr\/vincent.courboulay\/?p=127","title":{"rendered":"Pr\u00e9sentation invit\u00e9e au colloque Emotions, m\u00e9moire et contenus num\u00e9riques: une approche interdisciplinaire"},"content":{"rendered":"<p>Intitul\u00e9 de mon intervention :<\/p>\n<p><span style=\"text-decoration: underline;\">Am\u00e9lioration des r\u00e9sultats d&rsquo;un moteur de recherche d&rsquo;images naturelles par filtrage \u00e9motionnel<\/span><\/p>\n<p>&nbsp;<\/p>\n<p>Un colloque organis\u00e9 par l\u2019IRCCyN et le LPPL lors des Journ\u00e9es\u00a0Scienti\ufb01ques de l\u2019Universit\u00e9 de Nantes<\/p>\n<p>L\u2019objectif de ce colloque est de faire se rencontrer les communaut\u00e9s STIC et psychologie<br \/>\na\ufb01n de d\u00e9battre et \u00e9changer autour d\u2019un sujet commun : les \u00e9motions et la m\u00e9morisation<br \/>\ndans le cadre de contenus num\u00e9riques (images, vid\u00e9os, dispositifs interactifs, etc.). Cette<br \/>\nrencontre pourra \u00e9galement servir de tremplin a\ufb01n de renforcer et animer une communaut\u00e9<br \/>\ninterdisciplinaire sur ce sujet tant au niveau local qu\u2019international.<br \/>\nLes contributions provenant des domaines de l\u2019informatique, des sciences cognitives et de<br \/>\nla psychologie dans les th\u00e9matiques suivantes sont les bienvenues :<br \/>\n\u2022 Emotions et contenus num\u00e9riques;<br \/>\n\u2022 M\u00e9moire et contenus num\u00e9riques;<br \/>\n\u2022 M\u00e9moire et \u00e9motions.<\/p>\n<p>&nbsp;<\/p>\n<p>Abstract de mon intervention :<\/p>\n<p>Avec l&rsquo;Internet 2.0, la gestion des \u00e9motions de l&rsquo;utilisateur est un probl\u00e8me de plus en plus pregnant.<\/p>\n<p>Historiquement, les premi\u00e8res tentatives de partage \u00e9motionnel furent les \u00e9motic\u00f4nes. Elles ont permis aux utilisateurs d&rsquo;afficher leur \u00e9tat \u00e9motionnel \u00e0 d&rsquo;autres dans un monde num\u00e9rique impersonnel et froid.<\/p>\n<p>De nos jours, les utilisateurs partagent leur vie sur Facebook, Twitter, Google+ et ainsi de suite\u2026 et plusieurs sites web, parmi les plus populaires, sont maintenant sp\u00e9cifiquement bas\u00e9e sur le partage de contenu d&rsquo;images : Flickr, Picasa,Pinterest, Instagram, DeviantArt par exemple.<\/p>\n<p>Ce contenu comprend implicitement leur statut personnel et \u00e9motionnel.<\/p>\n<p>Ce type d&rsquo;information est \u00e9conomiquement tr\u00e8s pr\u00e9cieux, il devient un nouvel or noir et peut par exemple aider les entreprises commerciales \u00e0 vendre plus et mieux.<\/p>\n<p>Dans cet expos\u00e9, notre proposition concerne la cr\u00e9ation d&rsquo;une couche de filtrage \u00e9motionnel appliqu\u00e9e aux r\u00e9sultats de moteurs de recherche d&rsquo;images. C&rsquo;est une premi\u00e8re tentative de filtrage \u00e9motionnel d&rsquo;images.<\/p>\n<p>&nbsp;<\/p>\n","protected":false},"excerpt":{"rendered":"<p>Intitul\u00e9 de mon intervention : Am\u00e9lioration des r\u00e9sultats d&rsquo;un moteur de recherche d&rsquo;images naturelles par filtrage \u00e9motionnel &nbsp; Un colloque organis\u00e9 par l\u2019IRCCyN et le LPPL lors des Journ\u00e9es\u00a0Scienti\ufb01ques de l\u2019Universit\u00e9 de Nantes L\u2019objectif de ce colloque est de faire se rencontrer les communaut\u00e9s STIC et psychologie a\ufb01n de d\u00e9battre et \u00e9changer autour d\u2019un sujet &hellip; <a href=\"https:\/\/pageperso.univ-lr.fr\/vincent.courboulay\/?p=127\" class=\"more-link\">Continuer la lecture de <span class=\"screen-reader-text\">Pr\u00e9sentation invit\u00e9e au colloque Emotions, m\u00e9moire et contenus num\u00e9riques: une approche interdisciplinaire<\/span> <span class=\"meta-nav\">&rarr;<\/span><\/a><\/p>\n","protected":false},"author":2,"featured_media":0,"comment_status":"closed","ping_status":"open","sticky":false,"template":"","format":"standard","meta":{"footnotes":""},"categories":[1,8],"tags":[],"_links":{"self":[{"href":"https:\/\/pageperso.univ-lr.fr\/vincent.courboulay\/index.php?rest_route=\/wp\/v2\/posts\/127"}],"collection":[{"href":"https:\/\/pageperso.univ-lr.fr\/vincent.courboulay\/index.php?rest_route=\/wp\/v2\/posts"}],"about":[{"href":"https:\/\/pageperso.univ-lr.fr\/vincent.courboulay\/index.php?rest_route=\/wp\/v2\/types\/post"}],"author":[{"embeddable":true,"href":"https:\/\/pageperso.univ-lr.fr\/vincent.courboulay\/index.php?rest_route=\/wp\/v2\/users\/2"}],"replies":[{"embeddable":true,"href":"https:\/\/pageperso.univ-lr.fr\/vincent.courboulay\/index.php?rest_route=%2Fwp%2Fv2%2Fcomments&post=127"}],"version-history":[{"count":2,"href":"https:\/\/pageperso.univ-lr.fr\/vincent.courboulay\/index.php?rest_route=\/wp\/v2\/posts\/127\/revisions"}],"predecessor-version":[{"id":129,"href":"https:\/\/pageperso.univ-lr.fr\/vincent.courboulay\/index.php?rest_route=\/wp\/v2\/posts\/127\/revisions\/129"}],"wp:attachment":[{"href":"https:\/\/pageperso.univ-lr.fr\/vincent.courboulay\/index.php?rest_route=%2Fwp%2Fv2%2Fmedia&parent=127"}],"wp:term":[{"taxonomy":"category","embeddable":true,"href":"https:\/\/pageperso.univ-lr.fr\/vincent.courboulay\/index.php?rest_route=%2Fwp%2Fv2%2Fcategories&post=127"},{"taxonomy":"post_tag","embeddable":true,"href":"https:\/\/pageperso.univ-lr.fr\/vincent.courboulay\/index.php?rest_route=%2Fwp%2Fv2%2Ftags&post=127"}],"curies":[{"name":"wp","href":"https:\/\/api.w.org\/{rel}","templated":true}]}}